{"id":26688,"date":"2023-09-06T16:59:46","date_gmt":"2023-09-06T14:59:46","guid":{"rendered":"https:\/\/sendapp.live\/?p=26688"},"modified":"2023-09-06T17:06:31","modified_gmt":"2023-09-06T15:06:31","slug":"meta-rimuove-la-sezione-notizie-su-facebook-in-europa","status":"publish","type":"post","link":"https:\/\/sendapp.live\/it\/2023\/09\/06\/meta-rimuove-la-sezione-notizie-su-facebook-in-europa\/","title":{"rendered":"Meta Rimuove la Sezione Notizie su Facebook in Europa"},"content":{"rendered":"<p><a href=\"https:\/\/sendapp.live\/2020\/07\/28\/instagram-marketingfacebook-ads\/\" target=\"_blank\" rel=\"noopener\">Meta<\/a> Rimuove la Sezione Notizie su Facebook in Europa<\/p>\n<p>In una mossa significativa, Meta, la societ\u00e0 madre di Facebook, ha annunciato che da dicembre, la sezione delle notizie su Facebook sar\u00e0 rimossa in Germania, Francia e Regno Unito.<\/p>\n<p>Questa decisione \u00e8 stata presa per motivi legati a strategie commerciali e legali.<\/p>\n<p><img loading=\"lazy\" decoding=\"async\" class=\"alignnone size-full wp-image-26691\" src=\"https:\/\/sendapp.live\/wp-content\/uploads\/2023\/09\/Attivita-fuori-da-Facebook.jpg\" alt=\"\" width=\"2160\" height=\"848\" srcset=\"https:\/\/sendapp.live\/wp-content\/uploads\/2023\/09\/Attivita-fuori-da-Facebook.jpg 2160w, https:\/\/sendapp.live\/wp-content\/uploads\/2023\/09\/Attivita-fuori-da-Facebook-300x118.jpg 300w, https:\/\/sendapp.live\/wp-content\/uploads\/2023\/09\/Attivita-fuori-da-Facebook-1024x402.jpg 1024w, https:\/\/sendapp.live\/wp-content\/uploads\/2023\/09\/Attivita-fuori-da-Facebook-768x302.jpg 768w, https:\/\/sendapp.live\/wp-content\/uploads\/2023\/09\/Attivita-fuori-da-Facebook-1536x603.jpg 1536w, https:\/\/sendapp.live\/wp-content\/uploads\/2023\/09\/Attivita-fuori-da-Facebook-2048x804.jpg 2048w, https:\/\/sendapp.live\/wp-content\/uploads\/2023\/09\/Attivita-fuori-da-Facebook-18x7.jpg 18w, https:\/\/sendapp.live\/wp-content\/uploads\/2023\/09\/Attivita-fuori-da-Facebook-600x236.jpg 600w\" sizes=\"auto, (max-width: 2160px) 100vw, 2160px\" \/><\/p>\n<h4>Una Scelta Coerente con la Direzione di Meta<\/h4>\n<p>Secondo quanto riportato da TechCrunch, Meta ha dichiarato che questa decisione \u00e8 parte dei loro sforzi continui per focalizzarsi su prodotti e servizi che risuonano di pi\u00f9 con gli utenti. Nonostante l&#8217;iniziale lancio della funzionalit\u00e0, sembra che Meta stia ora prendendo una direzione diversa. Gli utenti saranno ancora in grado di visualizzare collegamenti a articoli di notizie, e gli editori manterranno l&#8217;accesso ai loro account, ma non ci saranno ulteriori accordi commerciali o sviluppi specifici per i prodotti dedicati agli editori.<\/p>\n<p><img loading=\"lazy\" decoding=\"async\" class=\"alignnone size-full wp-image-26692\" src=\"https:\/\/sendapp.live\/wp-content\/uploads\/2023\/09\/c815f0_fb_cover.jpg\" alt=\"\" width=\"1000\" height=\"500\" srcset=\"https:\/\/sendapp.live\/wp-content\/uploads\/2023\/09\/c815f0_fb_cover.jpg 1000w, https:\/\/sendapp.live\/wp-content\/uploads\/2023\/09\/c815f0_fb_cover-300x150.jpg 300w, https:\/\/sendapp.live\/wp-content\/uploads\/2023\/09\/c815f0_fb_cover-768x384.jpg 768w, https:\/\/sendapp.live\/wp-content\/uploads\/2023\/09\/c815f0_fb_cover-18x9.jpg 18w, https:\/\/sendapp.live\/wp-content\/uploads\/2023\/09\/c815f0_fb_cover-670x335.jpg 670w, https:\/\/sendapp.live\/wp-content\/uploads\/2023\/09\/c815f0_fb_cover-600x300.jpg 600w\" sizes=\"auto, (max-width: 1000px) 100vw, 1000px\" \/><\/p>\n<h4>Le Ragioni Dietro questa Decisione<\/h4>\n<p>Le ragioni dietro questa scelta possono essere ricondotte a due principali fattori. Da un lato, negli ultimi anni, Meta ha spostato la sua attenzione lontano dalla condivisione di notizie come elemento centrale del social network, concentrandosi invece su creatori di contenuti e le entrate generate da loro.<\/p>\n<p>Dall&#8217;altro lato, ci potrebbero essere implicazioni legali che hanno contribuito a questa decisione. A inizio agosto, in Canada, \u00e8 stata oggetto di attenzione la regolamentazione dell&#8217;intelligenza artificiale. La pubblicazione dell&#8217;Online News Act in Canada ha portato Meta a bloccare l&#8217;accesso a link contenenti articoli di notizie anche su Instagram.<\/p>\n<p>Questa decisione rappresenta un cambiamento significativo nella strategia di Meta in Europa e solleva questioni importanti sulla regolamentazione delle notizie online.<\/p>\n","protected":false},"excerpt":{"rendered":"<p>Meta Rimuove la Sezione Notizie su Facebook in Europa In una mossa significativa, Meta, la societ\u00e0 madre di Facebook, ha annunciato che da dicembre, la sezione delle notizie su Facebook&#8230;<\/p>\n","protected":false},"author":22,"featured_media":26690,"comment_status":"open","ping_status":"open","sticky":false,"template":"","format":"standard","meta":{"_daim_seo_power":"","_daim_enable_ail":"","footnotes":""},"categories":[2538],"tags":[894,845,3009,3564,3565],"class_list":{"0":"post-26688","1":"post","2":"type-post","3":"status-publish","4":"format-standard","5":"has-post-thumbnail","7":"category-news","8":"tag-facebook","9":"tag-instagram","10":"tag-meta","11":"tag-meta-elimina-sezione-notizie","12":"tag-sezione-notizie"},"yoast_head":"<!-- This site is optimized with the Yoast SEO Premium plugin v27.4 (Yoast SEO v27.4) - https:\/\/yoast.com\/product\/yoast-seo-premium-wordpress\/ -->\n<title>Meta Rimuove la Sezione Notizie su Facebook in Europa<\/title>\n<meta name=\"description\" content=\"Meta Rimuove la Sezione Notizie su Facebook in Europa. In una mossa significativa, Meta, la societ\u00e0 madre di Facebook\" \/>\n<meta name=\"robots\" content=\"index, follow, max-snippet:-1, max-image-preview:large, max-video-preview:-1\" \/>\n<link rel=\"canonical\" href=\"https:\/\/sendapp.live\/it\/2023\/09\/06\/meta-rimuove-la-sezione-notizie-su-facebook-in-europa\/\" \/>\n<meta property=\"og:locale\" content=\"it_IT\" \/>\n<meta property=\"og:type\" content=\"article\" \/>\n<meta property=\"og:title\" content=\"Meta Rimuove la Sezione Notizie su Facebook in Europa\" \/>\n<meta property=\"og:description\" content=\"Meta Rimuove la Sezione Notizie su Facebook in Europa. In una mossa significativa, Meta, la societ\u00e0 madre di Facebook\" \/>\n<meta property=\"og:url\" content=\"https:\/\/sendapp.live\/it\/2023\/09\/06\/meta-rimuove-la-sezione-notizie-su-facebook-in-europa\/\" \/>\n<meta property=\"og:site_name\" content=\"SendApp - Software Whatsapp Marketing\" \/>\n<meta property=\"article:publisher\" content=\"https:\/\/www.facebook.com\/sendapp.live\" \/>\n<meta property=\"article:published_time\" content=\"2023-09-06T14:59:46+00:00\" \/>\n<meta property=\"article:modified_time\" content=\"2023-09-06T15:06:31+00:00\" \/>\n<meta property=\"og:image\" content=\"https:\/\/sendapp.live\/wp-content\/uploads\/2023\/09\/meta1200-2.jpg\" \/>\n\t<meta property=\"og:image:width\" content=\"1200\" \/>\n\t<meta property=\"og:image:height\" content=\"826\" \/>\n\t<meta property=\"og:image:type\" content=\"image\/jpeg\" \/>\n<meta name=\"author\" content=\"Blogger\" \/>\n<meta name=\"twitter:card\" content=\"summary_large_image\" \/>\n<meta name=\"twitter:creator\" content=\"@sendapp_live\" \/>\n<meta name=\"twitter:site\" content=\"@sendapp_live\" \/>\n<meta name=\"twitter:label1\" content=\"Scritto da\" \/>\n\t<meta name=\"twitter:data1\" content=\"Blogger\" \/>\n\t<meta name=\"twitter:label2\" content=\"Tempo di lettura stimato\" \/>\n\t<meta name=\"twitter:data2\" content=\"2 minuti\" \/>\n<script type=\"application\/ld+json\" class=\"yoast-schema-graph\">{\"@context\":\"https:\\\/\\\/schema.org\",\"@graph\":[{\"@type\":\"Article\",\"@id\":\"https:\\\/\\\/sendapp.live\\\/2023\\\/09\\\/06\\\/meta-rimuove-la-sezione-notizie-su-facebook-in-europa\\\/#article\",\"isPartOf\":{\"@id\":\"https:\\\/\\\/sendapp.live\\\/2023\\\/09\\\/06\\\/meta-rimuove-la-sezione-notizie-su-facebook-in-europa\\\/\"},\"author\":{\"name\":\"Blogger\",\"@id\":\"https:\\\/\\\/sendapp.live\\\/it\\\/#\\\/schema\\\/person\\\/d299d0c16bd060adfd11119ff8f7d98b\"},\"headline\":\"Meta Rimuove la Sezione Notizie su Facebook in Europa\",\"datePublished\":\"2023-09-06T14:59:46+00:00\",\"dateModified\":\"2023-09-06T15:06:31+00:00\",\"mainEntityOfPage\":{\"@id\":\"https:\\\/\\\/sendapp.live\\\/2023\\\/09\\\/06\\\/meta-rimuove-la-sezione-notizie-su-facebook-in-europa\\\/\"},\"wordCount\":274,\"commentCount\":0,\"publisher\":{\"@id\":\"https:\\\/\\\/sendapp.live\\\/it\\\/#organization\"},\"image\":{\"@id\":\"https:\\\/\\\/sendapp.live\\\/2023\\\/09\\\/06\\\/meta-rimuove-la-sezione-notizie-su-facebook-in-europa\\\/#primaryimage\"},\"thumbnailUrl\":\"https:\\\/\\\/sendapp.live\\\/wp-content\\\/uploads\\\/2023\\\/09\\\/meta1200-2.jpg\",\"keywords\":[\"facebook\",\"instagram\",\"meta\",\"meta elimina sezione notizie\",\"sezione notizie\"],\"articleSection\":[\"news\"],\"inLanguage\":\"it-IT\",\"potentialAction\":[{\"@type\":\"CommentAction\",\"name\":\"Comment\",\"target\":[\"https:\\\/\\\/sendapp.live\\\/2023\\\/09\\\/06\\\/meta-rimuove-la-sezione-notizie-su-facebook-in-europa\\\/#respond\"]}]},{\"@type\":\"WebPage\",\"@id\":\"https:\\\/\\\/sendapp.live\\\/2023\\\/09\\\/06\\\/meta-rimuove-la-sezione-notizie-su-facebook-in-europa\\\/\",\"url\":\"https:\\\/\\\/sendapp.live\\\/2023\\\/09\\\/06\\\/meta-rimuove-la-sezione-notizie-su-facebook-in-europa\\\/\",\"name\":\"Meta Rimuove la Sezione Notizie su Facebook in Europa\",\"isPartOf\":{\"@id\":\"https:\\\/\\\/sendapp.live\\\/it\\\/#website\"},\"primaryImageOfPage\":{\"@id\":\"https:\\\/\\\/sendapp.live\\\/2023\\\/09\\\/06\\\/meta-rimuove-la-sezione-notizie-su-facebook-in-europa\\\/#primaryimage\"},\"image\":{\"@id\":\"https:\\\/\\\/sendapp.live\\\/2023\\\/09\\\/06\\\/meta-rimuove-la-sezione-notizie-su-facebook-in-europa\\\/#primaryimage\"},\"thumbnailUrl\":\"https:\\\/\\\/sendapp.live\\\/wp-content\\\/uploads\\\/2023\\\/09\\\/meta1200-2.jpg\",\"datePublished\":\"2023-09-06T14:59:46+00:00\",\"dateModified\":\"2023-09-06T15:06:31+00:00\",\"description\":\"Meta Rimuove la Sezione Notizie su Facebook in Europa. In una mossa significativa, Meta, la societ\u00e0 madre di Facebook\",\"breadcrumb\":{\"@id\":\"https:\\\/\\\/sendapp.live\\\/2023\\\/09\\\/06\\\/meta-rimuove-la-sezione-notizie-su-facebook-in-europa\\\/#breadcrumb\"},\"inLanguage\":\"it-IT\",\"potentialAction\":[{\"@type\":\"ReadAction\",\"target\":[\"https:\\\/\\\/sendapp.live\\\/2023\\\/09\\\/06\\\/meta-rimuove-la-sezione-notizie-su-facebook-in-europa\\\/\"]}]},{\"@type\":\"ImageObject\",\"inLanguage\":\"it-IT\",\"@id\":\"https:\\\/\\\/sendapp.live\\\/2023\\\/09\\\/06\\\/meta-rimuove-la-sezione-notizie-su-facebook-in-europa\\\/#primaryimage\",\"url\":\"https:\\\/\\\/sendapp.live\\\/wp-content\\\/uploads\\\/2023\\\/09\\\/meta1200-2.jpg\",\"contentUrl\":\"https:\\\/\\\/sendapp.live\\\/wp-content\\\/uploads\\\/2023\\\/09\\\/meta1200-2.jpg\",\"width\":1200,\"height\":826},{\"@type\":\"BreadcrumbList\",\"@id\":\"https:\\\/\\\/sendapp.live\\\/2023\\\/09\\\/06\\\/meta-rimuove-la-sezione-notizie-su-facebook-in-europa\\\/#breadcrumb\",\"itemListElement\":[{\"@type\":\"ListItem\",\"position\":1,\"name\":\"Home\",\"item\":\"https:\\\/\\\/sendapp.live\\\/\"},{\"@type\":\"ListItem\",\"position\":2,\"name\":\"Meta Rimuove la Sezione Notizie su Facebook in Europa\"}]},{\"@type\":\"WebSite\",\"@id\":\"https:\\\/\\\/sendapp.live\\\/it\\\/#website\",\"url\":\"https:\\\/\\\/sendapp.live\\\/it\\\/\",\"name\":\"SendApp\",\"description\":\"Automate Your Messages &amp; Grow Your Business\",\"publisher\":{\"@id\":\"https:\\\/\\\/sendapp.live\\\/it\\\/#organization\"},\"alternateName\":\"SendApp WhatsApp Marketing\",\"potentialAction\":[{\"@type\":\"SearchAction\",\"target\":{\"@type\":\"EntryPoint\",\"urlTemplate\":\"https:\\\/\\\/sendapp.live\\\/it\\\/?s={search_term_string}\"},\"query-input\":{\"@type\":\"PropertyValueSpecification\",\"valueRequired\":true,\"valueName\":\"search_term_string\"}}],\"inLanguage\":\"it-IT\"},{\"@type\":\"Organization\",\"@id\":\"https:\\\/\\\/sendapp.live\\\/it\\\/#organization\",\"name\":\"SendApp\",\"url\":\"https:\\\/\\\/sendapp.live\\\/it\\\/\",\"logo\":{\"@type\":\"ImageObject\",\"inLanguage\":\"it-IT\",\"@id\":\"https:\\\/\\\/sendapp.live\\\/it\\\/#\\\/schema\\\/logo\\\/image\\\/\",\"url\":\"https:\\\/\\\/sendapp.live\\\/wp-content\\\/uploads\\\/2025\\\/04\\\/Logo-Sendapp-300x60-1.png\",\"contentUrl\":\"https:\\\/\\\/sendapp.live\\\/wp-content\\\/uploads\\\/2025\\\/04\\\/Logo-Sendapp-300x60-1.png\",\"width\":300,\"height\":60,\"caption\":\"SendApp\"},\"image\":{\"@id\":\"https:\\\/\\\/sendapp.live\\\/it\\\/#\\\/schema\\\/logo\\\/image\\\/\"},\"sameAs\":[\"https:\\\/\\\/www.facebook.com\\\/sendapp.live\",\"https:\\\/\\\/x.com\\\/sendapp_live\",\"https:\\\/\\\/www.instagram.com\\\/sendapp.live\",\"https:\\\/\\\/www.youtube.com\\\/channel\\\/UC2gaLpi0-OJLG4CFbOr6mLw\",\"https:\\\/\\\/it.trustpilot.com\\\/review\\\/sendapp.live\"],\"description\":\"Piattaforma italiana di WhatsApp Marketing con API ufficiali Meta. Assistente AI, campagne massive, SMS Gateway gratuito, Google Calendar, automazioni. Da \u20ac16\\\/mese senza markup sui messaggi.\",\"email\":\"info@sendapp.live\",\"foundingDate\":\"2016-07-25\"},{\"@type\":\"Person\",\"@id\":\"https:\\\/\\\/sendapp.live\\\/it\\\/#\\\/schema\\\/person\\\/d299d0c16bd060adfd11119ff8f7d98b\",\"name\":\"Blogger\",\"image\":{\"@type\":\"ImageObject\",\"inLanguage\":\"it-IT\",\"@id\":\"https:\\\/\\\/secure.gravatar.com\\\/avatar\\\/4ce6c79c7d549254e170ba7e532db68391b034b95559bd744349aee442ecdad7?s=96&d=mm&r=g\",\"url\":\"https:\\\/\\\/secure.gravatar.com\\\/avatar\\\/4ce6c79c7d549254e170ba7e532db68391b034b95559bd744349aee442ecdad7?s=96&d=mm&r=g\",\"contentUrl\":\"https:\\\/\\\/secure.gravatar.com\\\/avatar\\\/4ce6c79c7d549254e170ba7e532db68391b034b95559bd744349aee442ecdad7?s=96&d=mm&r=g\",\"caption\":\"Blogger\"},\"url\":\"https:\\\/\\\/sendapp.live\\\/it\\\/author\\\/blogger\\\/\"}]}<\/script>\n<!-- \/ Yoast SEO Premium plugin. -->","yoast_head_json":{"title":"Meta Rimuove la Sezione Notizie su Facebook in Europa","description":"Meta Rimuove la Sezione Notizie su Facebook in Europa. In una mossa significativa, Meta, la societ\u00e0 madre di Facebook","robots":{"index":"index","follow":"follow","max-snippet":"max-snippet:-1","max-image-preview":"max-image-preview:large","max-video-preview":"max-video-preview:-1"},"canonical":"https:\/\/sendapp.live\/it\/2023\/09\/06\/meta-rimuove-la-sezione-notizie-su-facebook-in-europa\/","og_locale":"it_IT","og_type":"article","og_title":"Meta Rimuove la Sezione Notizie su Facebook in Europa","og_description":"Meta Rimuove la Sezione Notizie su Facebook in Europa. In una mossa significativa, Meta, la societ\u00e0 madre di Facebook","og_url":"https:\/\/sendapp.live\/it\/2023\/09\/06\/meta-rimuove-la-sezione-notizie-su-facebook-in-europa\/","og_site_name":"SendApp - Software Whatsapp Marketing","article_publisher":"https:\/\/www.facebook.com\/sendapp.live","article_published_time":"2023-09-06T14:59:46+00:00","article_modified_time":"2023-09-06T15:06:31+00:00","og_image":[{"width":1200,"height":826,"url":"https:\/\/sendapp.live\/wp-content\/uploads\/2023\/09\/meta1200-2.jpg","type":"image\/jpeg"}],"author":"Blogger","twitter_card":"summary_large_image","twitter_creator":"@sendapp_live","twitter_site":"@sendapp_live","twitter_misc":{"Scritto da":"Blogger","Tempo di lettura stimato":"2 minuti"},"schema":{"@context":"https:\/\/schema.org","@graph":[{"@type":"Article","@id":"https:\/\/sendapp.live\/2023\/09\/06\/meta-rimuove-la-sezione-notizie-su-facebook-in-europa\/#article","isPartOf":{"@id":"https:\/\/sendapp.live\/2023\/09\/06\/meta-rimuove-la-sezione-notizie-su-facebook-in-europa\/"},"author":{"name":"Blogger","@id":"https:\/\/sendapp.live\/it\/#\/schema\/person\/d299d0c16bd060adfd11119ff8f7d98b"},"headline":"Meta Rimuove la Sezione Notizie su Facebook in Europa","datePublished":"2023-09-06T14:59:46+00:00","dateModified":"2023-09-06T15:06:31+00:00","mainEntityOfPage":{"@id":"https:\/\/sendapp.live\/2023\/09\/06\/meta-rimuove-la-sezione-notizie-su-facebook-in-europa\/"},"wordCount":274,"commentCount":0,"publisher":{"@id":"https:\/\/sendapp.live\/it\/#organization"},"image":{"@id":"https:\/\/sendapp.live\/2023\/09\/06\/meta-rimuove-la-sezione-notizie-su-facebook-in-europa\/#primaryimage"},"thumbnailUrl":"https:\/\/sendapp.live\/wp-content\/uploads\/2023\/09\/meta1200-2.jpg","keywords":["facebook","instagram","meta","meta elimina sezione notizie","sezione notizie"],"articleSection":["news"],"inLanguage":"it-IT","potentialAction":[{"@type":"CommentAction","name":"Comment","target":["https:\/\/sendapp.live\/2023\/09\/06\/meta-rimuove-la-sezione-notizie-su-facebook-in-europa\/#respond"]}]},{"@type":"WebPage","@id":"https:\/\/sendapp.live\/2023\/09\/06\/meta-rimuove-la-sezione-notizie-su-facebook-in-europa\/","url":"https:\/\/sendapp.live\/2023\/09\/06\/meta-rimuove-la-sezione-notizie-su-facebook-in-europa\/","name":"Meta Rimuove la Sezione Notizie su Facebook in Europa","isPartOf":{"@id":"https:\/\/sendapp.live\/it\/#website"},"primaryImageOfPage":{"@id":"https:\/\/sendapp.live\/2023\/09\/06\/meta-rimuove-la-sezione-notizie-su-facebook-in-europa\/#primaryimage"},"image":{"@id":"https:\/\/sendapp.live\/2023\/09\/06\/meta-rimuove-la-sezione-notizie-su-facebook-in-europa\/#primaryimage"},"thumbnailUrl":"https:\/\/sendapp.live\/wp-content\/uploads\/2023\/09\/meta1200-2.jpg","datePublished":"2023-09-06T14:59:46+00:00","dateModified":"2023-09-06T15:06:31+00:00","description":"Meta Rimuove la Sezione Notizie su Facebook in Europa. In una mossa significativa, Meta, la societ\u00e0 madre di Facebook","breadcrumb":{"@id":"https:\/\/sendapp.live\/2023\/09\/06\/meta-rimuove-la-sezione-notizie-su-facebook-in-europa\/#breadcrumb"},"inLanguage":"it-IT","potentialAction":[{"@type":"ReadAction","target":["https:\/\/sendapp.live\/2023\/09\/06\/meta-rimuove-la-sezione-notizie-su-facebook-in-europa\/"]}]},{"@type":"ImageObject","inLanguage":"it-IT","@id":"https:\/\/sendapp.live\/2023\/09\/06\/meta-rimuove-la-sezione-notizie-su-facebook-in-europa\/#primaryimage","url":"https:\/\/sendapp.live\/wp-content\/uploads\/2023\/09\/meta1200-2.jpg","contentUrl":"https:\/\/sendapp.live\/wp-content\/uploads\/2023\/09\/meta1200-2.jpg","width":1200,"height":826},{"@type":"BreadcrumbList","@id":"https:\/\/sendapp.live\/2023\/09\/06\/meta-rimuove-la-sezione-notizie-su-facebook-in-europa\/#breadcrumb","itemListElement":[{"@type":"ListItem","position":1,"name":"Home","item":"https:\/\/sendapp.live\/"},{"@type":"ListItem","position":2,"name":"Meta Rimuove la Sezione Notizie su Facebook in Europa"}]},{"@type":"WebSite","@id":"https:\/\/sendapp.live\/it\/#website","url":"https:\/\/sendapp.live\/it\/","name":"SendApp","description":"Automate Your Messages &amp; Grow Your Business","publisher":{"@id":"https:\/\/sendapp.live\/it\/#organization"},"alternateName":"SendApp WhatsApp Marketing","potentialAction":[{"@type":"SearchAction","target":{"@type":"EntryPoint","urlTemplate":"https:\/\/sendapp.live\/it\/?s={search_term_string}"},"query-input":{"@type":"PropertyValueSpecification","valueRequired":true,"valueName":"search_term_string"}}],"inLanguage":"it-IT"},{"@type":"Organization","@id":"https:\/\/sendapp.live\/it\/#organization","name":"SendApp","url":"https:\/\/sendapp.live\/it\/","logo":{"@type":"ImageObject","inLanguage":"it-IT","@id":"https:\/\/sendapp.live\/it\/#\/schema\/logo\/image\/","url":"https:\/\/sendapp.live\/wp-content\/uploads\/2025\/04\/Logo-Sendapp-300x60-1.png","contentUrl":"https:\/\/sendapp.live\/wp-content\/uploads\/2025\/04\/Logo-Sendapp-300x60-1.png","width":300,"height":60,"caption":"SendApp"},"image":{"@id":"https:\/\/sendapp.live\/it\/#\/schema\/logo\/image\/"},"sameAs":["https:\/\/www.facebook.com\/sendapp.live","https:\/\/x.com\/sendapp_live","https:\/\/www.instagram.com\/sendapp.live","https:\/\/www.youtube.com\/channel\/UC2gaLpi0-OJLG4CFbOr6mLw","https:\/\/it.trustpilot.com\/review\/sendapp.live"],"description":"Piattaforma italiana di WhatsApp Marketing con API ufficiali Meta. Assistente AI, campagne massive, SMS Gateway gratuito, Google Calendar, automazioni. Da \u20ac16\/mese senza markup sui messaggi.","email":"info@sendapp.live","foundingDate":"2016-07-25"},{"@type":"Person","@id":"https:\/\/sendapp.live\/it\/#\/schema\/person\/d299d0c16bd060adfd11119ff8f7d98b","name":"Blogger","image":{"@type":"ImageObject","inLanguage":"it-IT","@id":"https:\/\/secure.gravatar.com\/avatar\/4ce6c79c7d549254e170ba7e532db68391b034b95559bd744349aee442ecdad7?s=96&d=mm&r=g","url":"https:\/\/secure.gravatar.com\/avatar\/4ce6c79c7d549254e170ba7e532db68391b034b95559bd744349aee442ecdad7?s=96&d=mm&r=g","contentUrl":"https:\/\/secure.gravatar.com\/avatar\/4ce6c79c7d549254e170ba7e532db68391b034b95559bd744349aee442ecdad7?s=96&d=mm&r=g","caption":"Blogger"},"url":"https:\/\/sendapp.live\/it\/author\/blogger\/"}]}},"_links":{"self":[{"href":"https:\/\/sendapp.live\/it\/wp-json\/wp\/v2\/posts\/26688","targetHints":{"allow":["GET"]}}],"collection":[{"href":"https:\/\/sendapp.live\/it\/wp-json\/wp\/v2\/posts"}],"about":[{"href":"https:\/\/sendapp.live\/it\/wp-json\/wp\/v2\/types\/post"}],"author":[{"embeddable":true,"href":"https:\/\/sendapp.live\/it\/wp-json\/wp\/v2\/users\/22"}],"replies":[{"embeddable":true,"href":"https:\/\/sendapp.live\/it\/wp-json\/wp\/v2\/comments?post=26688"}],"version-history":[{"count":1,"href":"https:\/\/sendapp.live\/it\/wp-json\/wp\/v2\/posts\/26688\/revisions"}],"predecessor-version":[{"id":26695,"href":"https:\/\/sendapp.live\/it\/wp-json\/wp\/v2\/posts\/26688\/revisions\/26695"}],"wp:featuredmedia":[{"embeddable":true,"href":"https:\/\/sendapp.live\/it\/wp-json\/wp\/v2\/media\/26690"}],"wp:attachment":[{"href":"https:\/\/sendapp.live\/it\/wp-json\/wp\/v2\/media?parent=26688"}],"wp:term":[{"taxonomy":"category","embeddable":true,"href":"https:\/\/sendapp.live\/it\/wp-json\/wp\/v2\/categories?post=26688"},{"taxonomy":"post_tag","embeddable":true,"href":"https:\/\/sendapp.live\/it\/wp-json\/wp\/v2\/tags?post=26688"}],"curies":[{"name":"wp","href":"https:\/\/api.w.org\/{rel}","templated":true}]}}