{"id":37453,"date":"2025-12-02T17:56:05","date_gmt":"2025-12-02T16:56:05","guid":{"rendered":"https:\/\/sendapp.live\/2025\/12\/02\/il-potere-del-personal-brand-come-costruire-la-tua-identita-professionale\/"},"modified":"2025-12-09T16:30:49","modified_gmt":"2025-12-09T15:30:49","slug":"construir-marca-pessoal","status":"publish","type":"post","link":"https:\/\/sendapp.live\/pt\/2025\/12\/02\/costruire-personal-brand\/","title":{"rendered":"O Poder da Marca Pessoal: Como Construir Sua Identidade Profissional"},"content":{"rendered":"<h2>O Poder da Marca Pessoal: Como Construir Sua Identidade Profissional<\/h2>\n<figure class=\"wp-block-image size-large\"><img loading=\"lazy\" decoding=\"async\" width=\"1024\" height=\"1024\" class=\"wp-image-37449\" src=\"https:\/\/sendapp.live\/wp-content\/uploads\/2025\/12\/in-the-ultra-of-il-potere-del-personal-brand-come-costruire.png\" alt=\"O Poder da Marca Pessoal: Como Construir Sua Identidade Profissional\" srcset=\"https:\/\/sendapp.live\/wp-content\/uploads\/2025\/12\/in-the-ultra-of-il-potere-del-personal-brand-come-costruire.png 1024w, https:\/\/sendapp.live\/wp-content\/uploads\/2025\/12\/in-the-ultra-of-il-potere-del-personal-brand-come-costruire-300x300.png 300w, https:\/\/sendapp.live\/wp-content\/uploads\/2025\/12\/in-the-ultra-of-il-potere-del-personal-brand-come-costruire-150x150.png 150w, https:\/\/sendapp.live\/wp-content\/uploads\/2025\/12\/in-the-ultra-of-il-potere-del-personal-brand-come-costruire-768x768.png 768w, https:\/\/sendapp.live\/wp-content\/uploads\/2025\/12\/in-the-ultra-of-il-potere-del-personal-brand-come-costruire-12x12.png 12w, https:\/\/sendapp.live\/wp-content\/uploads\/2025\/12\/in-the-ultra-of-il-potere-del-personal-brand-come-costruire-140x140.png 140w, https:\/\/sendapp.live\/wp-content\/uploads\/2025\/12\/in-the-ultra-of-il-potere-del-personal-brand-come-costruire-100x100.png 100w, https:\/\/sendapp.live\/wp-content\/uploads\/2025\/12\/in-the-ultra-of-il-potere-del-personal-brand-come-costruire-500x500.png 500w, https:\/\/sendapp.live\/wp-content\/uploads\/2025\/12\/in-the-ultra-of-il-potere-del-personal-brand-come-costruire-350x350.png 350w, https:\/\/sendapp.live\/wp-content\/uploads\/2025\/12\/in-the-ultra-of-il-potere-del-personal-brand-come-costruire-1000x1000.png 1000w, https:\/\/sendapp.live\/wp-content\/uploads\/2025\/12\/in-the-ultra-of-il-potere-del-personal-brand-come-costruire-800x800.png 800w, https:\/\/sendapp.live\/wp-content\/uploads\/2025\/12\/in-the-ultra-of-il-potere-del-personal-brand-come-costruire-600x600.png 600w\" sizes=\"auto, (max-width: 1024px) 100vw, 1024px\" \/><figcaption>O Poder da Marca Pessoal: Como Construir Sua Identidade Profissional<\/figcaption><\/figure>\n<p>Imagine-se em uma sala cheia de pessoas, cada uma com sua pr\u00f3pria hist\u00f3ria e ambi\u00e7\u00f5es. Como se destacar? Como garantir que sua voz seja ouvida e sua mensagem seja clara? A resposta \u00e9 simples: construindo uma marca pessoal forte e consistente. Sua marca pessoal \u00e9 sua identidade profissional, a maneira como voc\u00ea se apresenta ao mundo e a promessa de valor que voc\u00ea oferece. \u00c9 o resultado de anos de trabalho, experi\u00eancias, sucessos e fracassos. Mas como construir uma marca pessoal de sucesso?<\/p>\n<h3>Defina o objetivo e o p\u00fablico-alvo.<\/h3>\n<p>O primeiro passo para construir uma marca pessoal \u00e9 definir seu objetivo e p\u00fablico-alvo. Quem \u00e9 voc\u00ea? O que voc\u00ea faz? Para quem voc\u00ea faz isso? Essas perguntas podem parecer simples, mas s\u00e3o cruciais para entender o que voc\u00ea deseja alcan\u00e7ar com sua marca pessoal. Seu objetivo pode ser aumentar sua visibilidade profissional, encontrar novos clientes ou simplesmente compartilhar sua paix\u00e3o com outras pessoas. Seu p\u00fablico-alvo pode ser composto por clientes em potencial, parceiros ou at\u00e9 mesmo futuros funcion\u00e1rios. \u00c9 importante entender quem eles s\u00e3o e o que procuram para que voc\u00ea possa criar conte\u00fado e mensagens que atendam \u00e0s suas necessidades.<\/p>\n<p>Por exemplo, se voc\u00ea \u00e9 um freelancer que oferece servi\u00e7os de reda\u00e7\u00e3o, seu objetivo pode ser aumentar sua visibilidade online e encontrar novos clientes. Seu p\u00fablico-alvo pode ser pequenas empresas ou startups que buscam servi\u00e7os de reda\u00e7\u00e3o de alta qualidade. Nesse caso, voc\u00ea deve criar conte\u00fado que demonstre sua experi\u00eancia e conhecimento na \u00e1rea, como artigos ou posts de blog sobre t\u00f3picos relacionados \u00e0 reda\u00e7\u00e3o e ao marketing.<\/p>\n<h3>Desenvolvendo uma imagem consistente<\/h3>\n<p>Ap\u00f3s definir seu objetivo e p\u00fablico-alvo, \u00e9 importante desenvolver uma imagem coerente. Isso significa criar uma identidade visual e verbal que reflita sua personalidade e estilo. Seu logotipo, site e perfis em redes sociais devem ser consistentes e facilmente reconhec\u00edveis. Sua linguagem e tom tamb\u00e9m devem ser consistentes, criando uma voz \u00fanica e inconfund\u00edvel. <a href=\"https:\/\/forbes.com\" target=\"_blank\" rel=\"noopener noreferrer\">forbes.com<\/a><\/p>\n<p>Um exemplo de como desenvolver uma imagem coerente \u00e9 criar uma marca orientada por uma ideia ou valor central. Por exemplo, se voc\u00ea \u00e9 um profissional da \u00e1rea da sa\u00fade e bem-estar, pode criar uma marca focada na ideia de &quot;viver uma vida equilibrada e saud\u00e1vel&quot;. Isso significa criar conte\u00fado e mensagens que promovam esse valor e ofere\u00e7am conselhos e sugest\u00f5es para alcan\u00e7\u00e1-lo. <a href=\"https:\/\/hbr.org\" target=\"_blank\" rel=\"noopener noreferrer\">harvardbusiness.org<\/a><\/p>\n<h3>Criando conte\u00fado valioso<\/h3>\n<p>O conte\u00fado \u00e9 a ess\u00eancia da sua marca pessoal. Seu conte\u00fado deve ser de alta qualidade, relevante e \u00fatil para o seu p\u00fablico-alvo. Isso significa criar artigos, v\u00eddeos, podcasts ou qualquer outro tipo de conte\u00fado que ofere\u00e7a valor e seja consistente com sua mensagem e identidade. Seu conte\u00fado tamb\u00e9m deve ser otimizado para mecanismos de busca para aumentar sua visibilidade online.<\/p>\n<p>Um exemplo de como criar conte\u00fado valioso \u00e9 criar um blog ou um canal no YouTube focado em um t\u00f3pico espec\u00edfico. Por exemplo, se voc\u00ea \u00e9 um especialista em marketing, pode criar um blog que ofere\u00e7a dicas e conselhos sobre como aumentar sua visibilidade online e aprimorar sua estrat\u00e9gia de marketing. Seu conte\u00fado deve ser consistente com sua marca e oferecer valor aos seus leitores ou espectadores.<\/p>\n<h3>Utilizando as redes sociais para promover sua marca pessoal.<\/h3>\n<p>As redes sociais s\u00e3o uma ferramenta poderosa para promover sua marca pessoal. Isso significa criar perfis em plataformas como LinkedIn, Twitter, Facebook e Instagram, e us\u00e1-los para compartilhar seu conte\u00fado e interagir com seu p\u00fablico-alvo. As redes sociais permitem que voc\u00ea alcance um p\u00fablico mais amplo e construa uma comunidade de seguidores que compartilham seus interesses e valores. <a href=\"https:\/\/wikipedia.org\" target=\"_blank\" rel=\"noopener noreferrer\">wikipedia.org<\/a><\/p>\n<p>Um exemplo de como usar as redes sociais para promover sua marca pessoal \u00e9 criar uma estrat\u00e9gia de conte\u00fado focada em uma plataforma espec\u00edfica. Por exemplo, se voc\u00ea \u00e9 fot\u00f3grafo(a), pode usar o Instagram para compartilhar suas fotos e divulgar seu trabalho. Seu conte\u00fado deve ser consistente com sua marca e oferecer valor aos seus seguidores.<\/p>\n<h3>Monitorar e adaptar a estrat\u00e9gia<\/h3>\n<p>A constru\u00e7\u00e3o de uma marca pessoal \u00e9 um processo cont\u00ednuo e din\u00e2mico. Isso significa que voc\u00ea deve monitorar constantemente sua estrat\u00e9gia e adapt\u00e1-la \u00e0s necessidades do seu p\u00fablico-alvo. Isso implica analisar seus resultados, entender o que est\u00e1 funcionando e o que n\u00e3o est\u00e1, e fazer os ajustes necess\u00e1rios. Sua marca pessoal precisa ser \u00e1gil e flex\u00edvel para que voc\u00ea possa responder \u00e0s mudan\u00e7as do mercado e \u00e0s necessidades do seu p\u00fablico.<\/p>\n<p>Um exemplo de como monitorar e ajustar sua estrat\u00e9gia \u00e9 usar ferramentas de an\u00e1lise como o Google Analytics para entender o desempenho do seu conte\u00fado e identificar \u00e1reas que precisam de melhorias. Isso permite que voc\u00ea fa\u00e7a ajustes na sua estrat\u00e9gia e otimize seu conte\u00fado para atingir seus objetivos.<\/p>\n<h2>Como o SendApp pode ajudar empresas e profissionais a gerenciar o WhatsApp com efici\u00eancia<\/h2>\n<p>SendApp \u00e9 uma plataforma que permite gerenciar o WhatsApp de forma eficiente e us\u00e1-lo como ferramenta para promover sua marca pessoal. Com o SendApp, voc\u00ea pode criar campanhas de marketing personalizadas e enviar mensagens para seus clientes e seguidores de forma r\u00e1pida e f\u00e1cil. O SendApp tamb\u00e9m permite monitorar seus resultados e ajustar sua estrat\u00e9gia para otimizar seu conte\u00fado e alcan\u00e7ar seus objetivos.<\/p>\n<p>Para obter mais informa\u00e7\u00f5es sobre como o SendApp pode ajudar voc\u00ea a gerenciar o WhatsApp e promover sua marca pessoal, visite [link para o site]. <a href=\"https:\/\/sendapp.live\/pt\/sendapp-cloud-api-meta\/\">Site oficial do SendApp<\/a>. Al\u00e9m disso, voc\u00ea pode obter mais informa\u00e7\u00f5es sobre pre\u00e7os e planos do SendApp visitando o site. <a href=\"https:\/\/sendapp.live\/pt\/preco-do-whatsapp-chatgpt\/\">p\u00e1gina de pre\u00e7os<\/a>. Se precisar de aconselhamento personalizado, voc\u00ea pode <a href=\"https:\/\/sendapp.live\/pt\/solicite-uma-consulta-pelo-whatsapp\/\">solicitar uma consulta pelo WhatsApp<\/a> Descubra como o SendApp pode te ajudar a alcan\u00e7ar seus objetivos.<\/p>","protected":false},"excerpt":{"rendered":"<p>O Poder da Marca Pessoal: Como Construir Sua Identidade Profissional Imagine-se em uma sala cheia de\u2026<\/p>","protected":false},"author":1,"featured_media":37447,"comment_status":"open","ping_status":"open","sticky":false,"template":"","format":"standard","meta":{"_daim_seo_power":"1000","_daim_enable_ail":"1","footnotes":""},"categories":[4476,4188,4477],"tags":[4434,4482,4479,4483,4480,4478,4481,4484,4316],"class_list":{"0":"post-37453","1":"post","2":"type-post","3":"status-publish","4":"format-standard","5":"has-post-thumbnail","7":"category-carriera","8":"category-marketing","9":"category-sviluppo-personale","10":"tag-comunicazione-efficace","11":"tag-freelancer","12":"tag-identita-professionale","13":"tag-imprenditorialita","14":"tag-marketing-personale","15":"tag-personal-brand","16":"tag-sviluppo-della-carriera","17":"tag-sviluppo-personale","18":"tag-visibilita-online"},"yoast_head":"<!-- This site is optimized with the Yoast SEO Premium plugin v27.4 (Yoast SEO v27.4) - https:\/\/yoast.com\/product\/yoast-seo-premium-wordpress\/ -->\n<title>Costruire il Personal Brand<\/title>\n<meta name=\"description\" content=\"Scopri come costruire un personal brand forte e coerente per aumentare la tua visibilit\u00e0 professionale\" \/>\n<meta name=\"robots\" content=\"index, follow, max-snippet:-1, max-image-preview:large, max-video-preview:-1\" \/>\n<link rel=\"canonical\" href=\"https:\/\/sendapp.live\/pt\/2025\/12\/02\/il-potere-del-personal-brand-come-costruire-la-tua-identita-professionale\/\" \/>\n<meta property=\"og:locale\" content=\"pt_PT\" \/>\n<meta property=\"og:type\" content=\"article\" \/>\n<meta property=\"og:title\" content=\"Costruire il Personal Brand\" \/>\n<meta property=\"og:description\" content=\"Scopri come costruire un personal brand forte e coerente per aumentare la tua visibilit\u00e0 professionale\" \/>\n<meta property=\"og:url\" content=\"https:\/\/sendapp.live\/pt\/2025\/12\/02\/il-potere-del-personal-brand-come-costruire-la-tua-identita-professionale\/\" \/>\n<meta property=\"og:site_name\" content=\"SendApp - Software Whatsapp Marketing\" \/>\n<meta property=\"article:publisher\" content=\"https:\/\/www.facebook.com\/sendapp.live\" \/>\n<meta property=\"article:published_time\" content=\"2025-12-02T16:56:05+00:00\" \/>\n<meta property=\"article:modified_time\" content=\"2025-12-09T15:30:49+00:00\" \/>\n<meta property=\"og:image\" content=\"https:\/\/sendapp.live\/wp-content\/uploads\/2025\/12\/in-the-a-standing-confidently-in-a-modern-minimalist-office.png\" \/>\n\t<meta property=\"og:image:width\" content=\"1024\" \/>\n\t<meta property=\"og:image:height\" content=\"1024\" \/>\n\t<meta property=\"og:image:type\" content=\"image\/png\" \/>\n<meta name=\"author\" content=\"Mark\" \/>\n<meta name=\"twitter:card\" content=\"summary_large_image\" \/>\n<meta name=\"twitter:title\" content=\"Costruire il Personal Brand\" \/>\n<meta name=\"twitter:description\" content=\"Scopri come costruire un personal brand forte e coerente per aumentare la tua visibilit\u00e0 professionale\" \/>\n<meta name=\"twitter:creator\" content=\"@sendapp_live\" \/>\n<meta name=\"twitter:site\" content=\"@sendapp_live\" \/>\n<meta name=\"twitter:label1\" content=\"Escrito por\" \/>\n\t<meta name=\"twitter:data1\" content=\"Mark\" \/>\n\t<meta name=\"twitter:label2\" content=\"Tempo estimado de leitura\" \/>\n\t<meta name=\"twitter:data2\" content=\"5 minutos\" \/>\n<script type=\"application\/ld+json\" class=\"yoast-schema-graph\">{\"@context\":\"https:\\\/\\\/schema.org\",\"@graph\":[{\"@type\":\"Article\",\"@id\":\"https:\\\/\\\/sendapp.live\\\/2025\\\/12\\\/02\\\/il-potere-del-personal-brand-come-costruire-la-tua-identita-professionale\\\/#article\",\"isPartOf\":{\"@id\":\"https:\\\/\\\/sendapp.live\\\/2025\\\/12\\\/02\\\/costruire-personal-brand\\\/\"},\"author\":{\"name\":\"Mark\",\"@id\":\"https:\\\/\\\/sendapp.live\\\/it\\\/#\\\/schema\\\/person\\\/90559c2c8287c0c839108364bd73bfd2\"},\"headline\":\"Il Potere del Personal Brand: Come Costruire la Tua Identit\u00e0 Professionale\",\"datePublished\":\"2025-12-02T16:56:05+00:00\",\"dateModified\":\"2025-12-09T15:30:49+00:00\",\"mainEntityOfPage\":{\"@id\":\"https:\\\/\\\/sendapp.live\\\/2025\\\/12\\\/02\\\/costruire-personal-brand\\\/\"},\"wordCount\":1013,\"commentCount\":0,\"publisher\":{\"@id\":\"https:\\\/\\\/sendapp.live\\\/it\\\/#organization\"},\"image\":{\"@id\":\"https:\\\/\\\/sendapp.live\\\/2025\\\/12\\\/02\\\/il-potere-del-personal-brand-come-costruire-la-tua-identita-professionale\\\/#primaryimage\"},\"thumbnailUrl\":\"https:\\\/\\\/sendapp.live\\\/wp-content\\\/uploads\\\/2025\\\/12\\\/in-the-a-standing-confidently-in-a-modern-minimalist-office.png\",\"keywords\":[\"Comunicazione efficace\",\"Freelancer\",\"Identit\u00e0 Professionale\",\"Imprenditorialit\u00e0\",\"Marketing Personale\",\"Personal Brand\",\"Sviluppo della Carriera\",\"Sviluppo Personale\",\"Visibilit\u00e0 online\"],\"articleSection\":[\"Carriera\",\"Marketing\",\"Sviluppo Personale\"],\"inLanguage\":\"pt-PT\",\"potentialAction\":[{\"@type\":\"CommentAction\",\"name\":\"Comment\",\"target\":[\"https:\\\/\\\/sendapp.live\\\/2025\\\/12\\\/02\\\/il-potere-del-personal-brand-come-costruire-la-tua-identita-professionale\\\/#respond\"]}]},{\"@type\":\"WebPage\",\"@id\":\"https:\\\/\\\/sendapp.live\\\/2025\\\/12\\\/02\\\/costruire-personal-brand\\\/\",\"url\":\"https:\\\/\\\/sendapp.live\\\/2025\\\/12\\\/02\\\/il-potere-del-personal-brand-come-costruire-la-tua-identita-professionale\\\/\",\"name\":\"Costruire il Personal Brand\",\"isPartOf\":{\"@id\":\"https:\\\/\\\/sendapp.live\\\/it\\\/#website\"},\"primaryImageOfPage\":{\"@id\":\"https:\\\/\\\/sendapp.live\\\/2025\\\/12\\\/02\\\/il-potere-del-personal-brand-come-costruire-la-tua-identita-professionale\\\/#primaryimage\"},\"image\":{\"@id\":\"https:\\\/\\\/sendapp.live\\\/2025\\\/12\\\/02\\\/il-potere-del-personal-brand-come-costruire-la-tua-identita-professionale\\\/#primaryimage\"},\"thumbnailUrl\":\"https:\\\/\\\/sendapp.live\\\/wp-content\\\/uploads\\\/2025\\\/12\\\/in-the-a-standing-confidently-in-a-modern-minimalist-office.png\",\"datePublished\":\"2025-12-02T16:56:05+00:00\",\"dateModified\":\"2025-12-09T15:30:49+00:00\",\"description\":\"Scopri come costruire un personal brand forte e coerente per aumentare la tua visibilit\u00e0 professionale\",\"breadcrumb\":{\"@id\":\"https:\\\/\\\/sendapp.live\\\/2025\\\/12\\\/02\\\/il-potere-del-personal-brand-come-costruire-la-tua-identita-professionale\\\/#breadcrumb\"},\"inLanguage\":\"pt-PT\",\"potentialAction\":[{\"@type\":\"ReadAction\",\"target\":[\"https:\\\/\\\/sendapp.live\\\/2025\\\/12\\\/02\\\/il-potere-del-personal-brand-come-costruire-la-tua-identita-professionale\\\/\"]}]},{\"@type\":\"ImageObject\",\"inLanguage\":\"pt-PT\",\"@id\":\"https:\\\/\\\/sendapp.live\\\/2025\\\/12\\\/02\\\/il-potere-del-personal-brand-come-costruire-la-tua-identita-professionale\\\/#primaryimage\",\"url\":\"https:\\\/\\\/sendapp.live\\\/wp-content\\\/uploads\\\/2025\\\/12\\\/in-the-a-standing-confidently-in-a-modern-minimalist-office.png\",\"contentUrl\":\"https:\\\/\\\/sendapp.live\\\/wp-content\\\/uploads\\\/2025\\\/12\\\/in-the-a-standing-confidently-in-a-modern-minimalist-office.png\",\"width\":1024,\"height\":1024,\"caption\":\"- in the A standing confidently in a modern minimalist office with cinematic a cityscape ba\"},{\"@type\":\"BreadcrumbList\",\"@id\":\"https:\\\/\\\/sendapp.live\\\/2025\\\/12\\\/02\\\/il-potere-del-personal-brand-come-costruire-la-tua-identita-professionale\\\/#breadcrumb\",\"itemListElement\":[{\"@type\":\"ListItem\",\"position\":1,\"name\":\"Home\",\"item\":\"https:\\\/\\\/sendapp.live\\\/\"},{\"@type\":\"ListItem\",\"position\":2,\"name\":\"Il Potere del Personal Brand: Come Costruire la Tua Identit\u00e0 Professionale\"}]},{\"@type\":\"WebSite\",\"@id\":\"https:\\\/\\\/sendapp.live\\\/it\\\/#website\",\"url\":\"https:\\\/\\\/sendapp.live\\\/it\\\/\",\"name\":\"SendApp\",\"description\":\"Automate Your Messages &amp; Grow Your Business\",\"publisher\":{\"@id\":\"https:\\\/\\\/sendapp.live\\\/it\\\/#organization\"},\"alternateName\":\"SendApp WhatsApp Marketing\",\"potentialAction\":[{\"@type\":\"SearchAction\",\"target\":{\"@type\":\"EntryPoint\",\"urlTemplate\":\"https:\\\/\\\/sendapp.live\\\/it\\\/?s={search_term_string}\"},\"query-input\":{\"@type\":\"PropertyValueSpecification\",\"valueRequired\":true,\"valueName\":\"search_term_string\"}}],\"inLanguage\":\"pt-PT\"},{\"@type\":\"Organization\",\"@id\":\"https:\\\/\\\/sendapp.live\\\/it\\\/#organization\",\"name\":\"SendApp\",\"url\":\"https:\\\/\\\/sendapp.live\\\/it\\\/\",\"logo\":{\"@type\":\"ImageObject\",\"inLanguage\":\"pt-PT\",\"@id\":\"https:\\\/\\\/sendapp.live\\\/it\\\/#\\\/schema\\\/logo\\\/image\\\/\",\"url\":\"https:\\\/\\\/sendapp.live\\\/wp-content\\\/uploads\\\/2025\\\/04\\\/Logo-Sendapp-300x60-1.png\",\"contentUrl\":\"https:\\\/\\\/sendapp.live\\\/wp-content\\\/uploads\\\/2025\\\/04\\\/Logo-Sendapp-300x60-1.png\",\"width\":300,\"height\":60,\"caption\":\"SendApp\"},\"image\":{\"@id\":\"https:\\\/\\\/sendapp.live\\\/it\\\/#\\\/schema\\\/logo\\\/image\\\/\"},\"sameAs\":[\"https:\\\/\\\/www.facebook.com\\\/sendapp.live\",\"https:\\\/\\\/x.com\\\/sendapp_live\",\"https:\\\/\\\/www.instagram.com\\\/sendapp.live\",\"https:\\\/\\\/www.youtube.com\\\/channel\\\/UC2gaLpi0-OJLG4CFbOr6mLw\",\"https:\\\/\\\/it.trustpilot.com\\\/review\\\/sendapp.live\"],\"description\":\"Piattaforma italiana di WhatsApp Marketing con API ufficiali Meta. Assistente AI, campagne massive, SMS Gateway gratuito, Google Calendar, automazioni. Da \u20ac16\\\/mese senza markup sui messaggi.\",\"email\":\"info@sendapp.live\",\"foundingDate\":\"2016-07-25\"},{\"@type\":\"Person\",\"@id\":\"https:\\\/\\\/sendapp.live\\\/it\\\/#\\\/schema\\\/person\\\/90559c2c8287c0c839108364bd73bfd2\",\"name\":\"Mark\",\"image\":{\"@type\":\"ImageObject\",\"inLanguage\":\"pt-PT\",\"@id\":\"https:\\\/\\\/secure.gravatar.com\\\/avatar\\\/0c4561a4a4bfc8854db0d77facb17edfbadc0a3929e1711186f524c17f34ae97?s=96&d=mm&r=g\",\"url\":\"https:\\\/\\\/secure.gravatar.com\\\/avatar\\\/0c4561a4a4bfc8854db0d77facb17edfbadc0a3929e1711186f524c17f34ae97?s=96&d=mm&r=g\",\"contentUrl\":\"https:\\\/\\\/secure.gravatar.com\\\/avatar\\\/0c4561a4a4bfc8854db0d77facb17edfbadc0a3929e1711186f524c17f34ae97?s=96&d=mm&r=g\",\"caption\":\"Mark\"},\"url\":\"https:\\\/\\\/sendapp.live\\\/pt\\\/author\\\/stefano\\\/\"}]}<\/script>\n<!-- \/ Yoast SEO Premium plugin. -->","yoast_head_json":{"title":"Construindo sua marca pessoal","description":"Aprenda como construir uma marca pessoal forte e consistente para aumentar sua visibilidade profissional.","robots":{"index":"index","follow":"follow","max-snippet":"max-snippet:-1","max-image-preview":"max-image-preview:large","max-video-preview":"max-video-preview:-1"},"canonical":"https:\/\/sendapp.live\/pt\/2025\/12\/02\/il-potere-del-personal-brand-come-costruire-la-tua-identita-professionale\/","og_locale":"pt_PT","og_type":"article","og_title":"Costruire il Personal Brand","og_description":"Scopri come costruire un personal brand forte e coerente per aumentare la tua visibilit\u00e0 professionale","og_url":"https:\/\/sendapp.live\/pt\/2025\/12\/02\/il-potere-del-personal-brand-come-costruire-la-tua-identita-professionale\/","og_site_name":"SendApp - Software Whatsapp Marketing","article_publisher":"https:\/\/www.facebook.com\/sendapp.live","article_published_time":"2025-12-02T16:56:05+00:00","article_modified_time":"2025-12-09T15:30:49+00:00","og_image":[{"width":1024,"height":1024,"url":"https:\/\/sendapp.live\/wp-content\/uploads\/2025\/12\/in-the-a-standing-confidently-in-a-modern-minimalist-office.png","type":"image\/png"}],"author":"Mark","twitter_card":"summary_large_image","twitter_title":"Costruire il Personal Brand","twitter_description":"Scopri come costruire un personal brand forte e coerente per aumentare la tua visibilit\u00e0 professionale","twitter_creator":"@sendapp_live","twitter_site":"@sendapp_live","twitter_misc":{"Escrito por":"Mark","Tempo estimado de leitura":"5 minutos"},"schema":{"@context":"https:\/\/schema.org","@graph":[{"@type":"Article","@id":"https:\/\/sendapp.live\/2025\/12\/02\/il-potere-del-personal-brand-come-costruire-la-tua-identita-professionale\/#article","isPartOf":{"@id":"https:\/\/sendapp.live\/2025\/12\/02\/costruire-personal-brand\/"},"author":{"name":"Mark","@id":"https:\/\/sendapp.live\/it\/#\/schema\/person\/90559c2c8287c0c839108364bd73bfd2"},"headline":"Il Potere del Personal Brand: Come Costruire la Tua Identit\u00e0 Professionale","datePublished":"2025-12-02T16:56:05+00:00","dateModified":"2025-12-09T15:30:49+00:00","mainEntityOfPage":{"@id":"https:\/\/sendapp.live\/2025\/12\/02\/costruire-personal-brand\/"},"wordCount":1013,"commentCount":0,"publisher":{"@id":"https:\/\/sendapp.live\/it\/#organization"},"image":{"@id":"https:\/\/sendapp.live\/2025\/12\/02\/il-potere-del-personal-brand-come-costruire-la-tua-identita-professionale\/#primaryimage"},"thumbnailUrl":"https:\/\/sendapp.live\/wp-content\/uploads\/2025\/12\/in-the-a-standing-confidently-in-a-modern-minimalist-office.png","keywords":["Comunicazione efficace","Freelancer","Identit\u00e0 Professionale","Imprenditorialit\u00e0","Marketing Personale","Personal Brand","Sviluppo della Carriera","Sviluppo Personale","Visibilit\u00e0 online"],"articleSection":["Carriera","Marketing","Sviluppo Personale"],"inLanguage":"pt-PT","potentialAction":[{"@type":"CommentAction","name":"Comment","target":["https:\/\/sendapp.live\/2025\/12\/02\/il-potere-del-personal-brand-come-costruire-la-tua-identita-professionale\/#respond"]}]},{"@type":"WebPage","@id":"https:\/\/sendapp.live\/2025\/12\/02\/costruire-personal-brand\/","url":"https:\/\/sendapp.live\/2025\/12\/02\/il-potere-del-personal-brand-come-costruire-la-tua-identita-professionale\/","name":"Construindo sua marca pessoal","isPartOf":{"@id":"https:\/\/sendapp.live\/it\/#website"},"primaryImageOfPage":{"@id":"https:\/\/sendapp.live\/2025\/12\/02\/il-potere-del-personal-brand-come-costruire-la-tua-identita-professionale\/#primaryimage"},"image":{"@id":"https:\/\/sendapp.live\/2025\/12\/02\/il-potere-del-personal-brand-come-costruire-la-tua-identita-professionale\/#primaryimage"},"thumbnailUrl":"https:\/\/sendapp.live\/wp-content\/uploads\/2025\/12\/in-the-a-standing-confidently-in-a-modern-minimalist-office.png","datePublished":"2025-12-02T16:56:05+00:00","dateModified":"2025-12-09T15:30:49+00:00","description":"Aprenda como construir uma marca pessoal forte e consistente para aumentar sua visibilidade profissional.","breadcrumb":{"@id":"https:\/\/sendapp.live\/2025\/12\/02\/il-potere-del-personal-brand-come-costruire-la-tua-identita-professionale\/#breadcrumb"},"inLanguage":"pt-PT","potentialAction":[{"@type":"ReadAction","target":["https:\/\/sendapp.live\/2025\/12\/02\/il-potere-del-personal-brand-come-costruire-la-tua-identita-professionale\/"]}]},{"@type":"ImageObject","inLanguage":"pt-PT","@id":"https:\/\/sendapp.live\/2025\/12\/02\/il-potere-del-personal-brand-come-costruire-la-tua-identita-professionale\/#primaryimage","url":"https:\/\/sendapp.live\/wp-content\/uploads\/2025\/12\/in-the-a-standing-confidently-in-a-modern-minimalist-office.png","contentUrl":"https:\/\/sendapp.live\/wp-content\/uploads\/2025\/12\/in-the-a-standing-confidently-in-a-modern-minimalist-office.png","width":1024,"height":1024,"caption":"- in the A standing confidently in a modern minimalist office with cinematic a cityscape ba"},{"@type":"BreadcrumbList","@id":"https:\/\/sendapp.live\/2025\/12\/02\/il-potere-del-personal-brand-come-costruire-la-tua-identita-professionale\/#breadcrumb","itemListElement":[{"@type":"ListItem","position":1,"name":"Home","item":"https:\/\/sendapp.live\/"},{"@type":"ListItem","position":2,"name":"Il Potere del Personal Brand: Come Costruire la Tua Identit\u00e0 Professionale"}]},{"@type":"WebSite","@id":"https:\/\/sendapp.live\/it\/#website","url":"https:\/\/sendapp.live\/it\/","name":"SendApp","description":"Automatize as suas mensagens e fa\u00e7a crescer o seu neg\u00f3cio","publisher":{"@id":"https:\/\/sendapp.live\/it\/#organization"},"alternateName":"SendApp WhatsApp Marketing","potentialAction":[{"@type":"SearchAction","target":{"@type":"EntryPoint","urlTemplate":"https:\/\/sendapp.live\/it\/?s={search_term_string}"},"query-input":{"@type":"PropertyValueSpecification","valueRequired":true,"valueName":"search_term_string"}}],"inLanguage":"pt-PT"},{"@type":"Organization","@id":"https:\/\/sendapp.live\/it\/#organization","name":"SendApp","url":"https:\/\/sendapp.live\/it\/","logo":{"@type":"ImageObject","inLanguage":"pt-PT","@id":"https:\/\/sendapp.live\/it\/#\/schema\/logo\/image\/","url":"https:\/\/sendapp.live\/wp-content\/uploads\/2025\/04\/Logo-Sendapp-300x60-1.png","contentUrl":"https:\/\/sendapp.live\/wp-content\/uploads\/2025\/04\/Logo-Sendapp-300x60-1.png","width":300,"height":60,"caption":"SendApp"},"image":{"@id":"https:\/\/sendapp.live\/it\/#\/schema\/logo\/image\/"},"sameAs":["https:\/\/www.facebook.com\/sendapp.live","https:\/\/x.com\/sendapp_live","https:\/\/www.instagram.com\/sendapp.live","https:\/\/www.youtube.com\/channel\/UC2gaLpi0-OJLG4CFbOr6mLw","https:\/\/it.trustpilot.com\/review\/sendapp.live"],"description":"Plataforma italiana de marketing via WhatsApp com API Meta oficial. Assistente de IA, campanhas em massa, gateway de SMS gratuito, Google Agenda, automa\u00e7\u00f5es. A partir de \u20ac16\/m\u00eas sem acr\u00e9scimo de pre\u00e7o por mensagem.","email":"info@sendapp.live","foundingDate":"2016-07-25"},{"@type":"Person","@id":"https:\/\/sendapp.live\/it\/#\/schema\/person\/90559c2c8287c0c839108364bd73bfd2","name":"marca","image":{"@type":"ImageObject","inLanguage":"pt-PT","@id":"https:\/\/secure.gravatar.com\/avatar\/0c4561a4a4bfc8854db0d77facb17edfbadc0a3929e1711186f524c17f34ae97?s=96&d=mm&r=g","url":"https:\/\/secure.gravatar.com\/avatar\/0c4561a4a4bfc8854db0d77facb17edfbadc0a3929e1711186f524c17f34ae97?s=96&d=mm&r=g","contentUrl":"https:\/\/secure.gravatar.com\/avatar\/0c4561a4a4bfc8854db0d77facb17edfbadc0a3929e1711186f524c17f34ae97?s=96&d=mm&r=g","caption":"Mark"},"url":"https:\/\/sendapp.live\/pt\/author\/stefano\/"}]}},"_links":{"self":[{"href":"https:\/\/sendapp.live\/pt\/wp-json\/wp\/v2\/posts\/37453","targetHints":{"allow":["GET"]}}],"collection":[{"href":"https:\/\/sendapp.live\/pt\/wp-json\/wp\/v2\/posts"}],"about":[{"href":"https:\/\/sendapp.live\/pt\/wp-json\/wp\/v2\/types\/post"}],"author":[{"embeddable":true,"href":"https:\/\/sendapp.live\/pt\/wp-json\/wp\/v2\/users\/1"}],"replies":[{"embeddable":true,"href":"https:\/\/sendapp.live\/pt\/wp-json\/wp\/v2\/comments?post=37453"}],"version-history":[{"count":3,"href":"https:\/\/sendapp.live\/pt\/wp-json\/wp\/v2\/posts\/37453\/revisions"}],"predecessor-version":[{"id":121627,"href":"https:\/\/sendapp.live\/pt\/wp-json\/wp\/v2\/posts\/37453\/revisions\/121627"}],"wp:featuredmedia":[{"embeddable":true,"href":"https:\/\/sendapp.live\/pt\/wp-json\/wp\/v2\/media\/37447"}],"wp:attachment":[{"href":"https:\/\/sendapp.live\/pt\/wp-json\/wp\/v2\/media?parent=37453"}],"wp:term":[{"taxonomy":"category","embeddable":true,"href":"https:\/\/sendapp.live\/pt\/wp-json\/wp\/v2\/categories?post=37453"},{"taxonomy":"post_tag","embeddable":true,"href":"https:\/\/sendapp.live\/pt\/wp-json\/wp\/v2\/tags?post=37453"}],"curies":[{"name":"wp","href":"https:\/\/api.w.org\/{rel}","templated":true}]}}